


{"id":1233,"date":"2020-06-23T07:47:00","date_gmt":"2020-06-23T07:47:00","guid":{"rendered":"https:\/\/www.wineobjectives.com\/?p=1233"},"modified":"2026-03-20T13:55:55","modified_gmt":"2026-03-20T13:55:55","slug":"vigneron-n41-ete-2020","status":"publish","type":"post","link":"https:\/\/www.wineobjectives.com\/fr\/revue-de-presses\/vigneron-n41-ete-2020\/","title":{"rendered":"L&rsquo;\u00e9quipe du Vigneron interroge Adam Dakin sur la vente r\u00e9cente du Ch\u00e2teau d&rsquo;Estoublon"},"content":{"rendered":"<p><img fetchpriority=\"high\" decoding=\"async\" class=\"alignnone wp-image-4259\" src=\"\/wp-content\/uploads\/2020\/06\/page-1-1-768x1024.png\" alt=\"Adam Dakin vente Ch\u00e2teau d\u2019Estoublon\" width=\"1058\" height=\"1411\"><img decoding=\"async\" class=\"alignnone  wp-image-4261\" src=\"\/wp-content\/uploads\/2020\/06\/page-2-1-768x1024.png\" alt=\"vigneron et wine objectives\" width=\"1057\" height=\"1409\"><\/p>\n","protected":false},"excerpt":{"rendered":"","protected":false},"author":1,"featured_media":1236,"comment_status":"closed","ping_status":"closed","sticky":false,"template":"","format":"standard","meta":{"_acf_changed":false,"footnotes":""},"categories":[62],"tags":[],"class_list":["post-1233","post","type-post","status-publish","format-standard","has-post-thumbnail","hentry","category-revue-de-presses"],"acf":[],"yoast_head":"<!-- This site is optimized with the Yoast SEO plugin v27.3 - https:\/\/yoast.com\/product\/yoast-seo-wordpress\/ -->\n<title>Vente du Ch\u00e2teau d\u2019Estoublon : entretien avec Adam Dakin<\/title>\n<meta name=\"description\" content=\"Le Vigneron interviewe Adam Dakin sur les coulisses de la vente du Ch\u00e2teau d&#039;Estoublon et l&#039;expertise de Wine Objectives\" \/>\n<meta name=\"robots\" content=\"noindex, follow\" \/>\n<meta name=\"twitter:card\" content=\"summary_large_image\" \/>\n<meta name=\"twitter:title\" content=\"Vente du Ch\u00e2teau d\u2019Estoublon : entretien avec Adam Dakin\" \/>\n<meta name=\"twitter:description\" content=\"Le Vigneron interviewe Adam Dakin sur les coulisses de la vente du Ch\u00e2teau d&#039;Estoublon et l&#039;expertise de Wine Objectives\" \/>\n<meta name=\"twitter:image\" content=\"https:\/\/www.wineobjectives.com\/wp-content\/uploads\/2020\/06\/juin-2020-couverture.jpg\" \/>\n<meta name=\"twitter:label1\" content=\"\u00c9crit par\" \/>\n\t<meta name=\"twitter:data1\" content=\"admin\" \/>\n\t<meta name=\"twitter:label2\" content=\"Dur\u00e9e de lecture estim\u00e9e\" \/>\n\t<meta name=\"twitter:data2\" content=\"1 minute\" \/>\n<script type=\"application\/ld+json\" class=\"yoast-schema-graph\">{\"@context\":\"https:\\\/\\\/schema.org\",\"@graph\":[{\"@type\":\"Article\",\"@id\":\"https:\\\/\\\/www.wineobjectives.com\\\/fr\\\/revue-de-presses\\\/vigneron-n41-ete-2020\\\/#article\",\"isPartOf\":{\"@id\":\"https:\\\/\\\/www.wineobjectives.com\\\/fr\\\/revue-de-presses\\\/vigneron-n41-ete-2020\\\/\"},\"author\":{\"name\":\"admin\",\"@id\":\"https:\\\/\\\/www.wineobjectives.com\\\/fr\\\/#\\\/schema\\\/person\\\/0f571c83d5f89c41c8287459a17e5a59\"},\"headline\":\"L&rsquo;\u00e9quipe du Vigneron interroge Adam Dakin sur la vente r\u00e9cente du Ch\u00e2teau d&rsquo;Estoublon\",\"datePublished\":\"2020-06-23T07:47:00+00:00\",\"dateModified\":\"2026-03-20T13:55:55+00:00\",\"mainEntityOfPage\":{\"@id\":\"https:\\\/\\\/www.wineobjectives.com\\\/fr\\\/revue-de-presses\\\/vigneron-n41-ete-2020\\\/\"},\"wordCount\":17,\"publisher\":{\"@id\":\"https:\\\/\\\/www.wineobjectives.com\\\/fr\\\/#organization\"},\"image\":{\"@id\":\"https:\\\/\\\/www.wineobjectives.com\\\/fr\\\/revue-de-presses\\\/vigneron-n41-ete-2020\\\/#primaryimage\"},\"thumbnailUrl\":\"https:\\\/\\\/www.wineobjectives.com\\\/wp-content\\\/uploads\\\/2020\\\/06\\\/juin-2020-couverture.jpg\",\"articleSection\":[\"Revue de presse\"],\"inLanguage\":\"fr-FR\"},{\"@type\":\"WebPage\",\"@id\":\"https:\\\/\\\/www.wineobjectives.com\\\/fr\\\/revue-de-presses\\\/vigneron-n41-ete-2020\\\/\",\"url\":\"https:\\\/\\\/www.wineobjectives.com\\\/fr\\\/revue-de-presses\\\/vigneron-n41-ete-2020\\\/\",\"name\":\"Vente du Ch\u00e2teau d\u2019Estoublon : entretien avec Adam Dakin\",\"isPartOf\":{\"@id\":\"https:\\\/\\\/www.wineobjectives.com\\\/fr\\\/#website\"},\"primaryImageOfPage\":{\"@id\":\"https:\\\/\\\/www.wineobjectives.com\\\/fr\\\/revue-de-presses\\\/vigneron-n41-ete-2020\\\/#primaryimage\"},\"image\":{\"@id\":\"https:\\\/\\\/www.wineobjectives.com\\\/fr\\\/revue-de-presses\\\/vigneron-n41-ete-2020\\\/#primaryimage\"},\"thumbnailUrl\":\"https:\\\/\\\/www.wineobjectives.com\\\/wp-content\\\/uploads\\\/2020\\\/06\\\/juin-2020-couverture.jpg\",\"datePublished\":\"2020-06-23T07:47:00+00:00\",\"dateModified\":\"2026-03-20T13:55:55+00:00\",\"description\":\"Le Vigneron interviewe Adam Dakin sur les coulisses de la vente du Ch\u00e2teau d'Estoublon et l'expertise de Wine Objectives\",\"breadcrumb\":{\"@id\":\"https:\\\/\\\/www.wineobjectives.com\\\/fr\\\/revue-de-presses\\\/vigneron-n41-ete-2020\\\/#breadcrumb\"},\"inLanguage\":\"fr-FR\",\"potentialAction\":[{\"@type\":\"ReadAction\",\"target\":[\"https:\\\/\\\/www.wineobjectives.com\\\/fr\\\/revue-de-presses\\\/vigneron-n41-ete-2020\\\/\"]}]},{\"@type\":\"ImageObject\",\"inLanguage\":\"fr-FR\",\"@id\":\"https:\\\/\\\/www.wineobjectives.com\\\/fr\\\/revue-de-presses\\\/vigneron-n41-ete-2020\\\/#primaryimage\",\"url\":\"https:\\\/\\\/www.wineobjectives.com\\\/wp-content\\\/uploads\\\/2020\\\/06\\\/juin-2020-couverture.jpg\",\"contentUrl\":\"https:\\\/\\\/www.wineobjectives.com\\\/wp-content\\\/uploads\\\/2020\\\/06\\\/juin-2020-couverture.jpg\",\"width\":1358,\"height\":1772,\"caption\":\"\u00e9quipe Vigneron vente Ch\u00e2teau d\u2019Estoublon\"},{\"@type\":\"BreadcrumbList\",\"@id\":\"https:\\\/\\\/www.wineobjectives.com\\\/fr\\\/revue-de-presses\\\/vigneron-n41-ete-2020\\\/#breadcrumb\",\"itemListElement\":[{\"@type\":\"ListItem\",\"position\":1,\"name\":\"Accueil\",\"item\":\"https:\\\/\\\/www.wineobjectives.com\\\/fr\\\/\"},{\"@type\":\"ListItem\",\"position\":2,\"name\":\"L&rsquo;\u00e9quipe du Vigneron interroge Adam Dakin sur la vente r\u00e9cente du Ch\u00e2teau d&rsquo;Estoublon\"}]},{\"@type\":\"WebSite\",\"@id\":\"https:\\\/\\\/www.wineobjectives.com\\\/fr\\\/#website\",\"url\":\"https:\\\/\\\/www.wineobjectives.com\\\/fr\\\/\",\"name\":\"Wine Objectives\",\"description\":\"Wine Objectives\",\"publisher\":{\"@id\":\"https:\\\/\\\/www.wineobjectives.com\\\/fr\\\/#organization\"},\"potentialAction\":[{\"@type\":\"SearchAction\",\"target\":{\"@type\":\"EntryPoint\",\"urlTemplate\":\"https:\\\/\\\/www.wineobjectives.com\\\/fr\\\/?s={search_term_string}\"},\"query-input\":{\"@type\":\"PropertyValueSpecification\",\"valueRequired\":true,\"valueName\":\"search_term_string\"}}],\"inLanguage\":\"fr-FR\"},{\"@type\":\"Organization\",\"@id\":\"https:\\\/\\\/www.wineobjectives.com\\\/fr\\\/#organization\",\"name\":\"Wine Objectives\",\"url\":\"https:\\\/\\\/www.wineobjectives.com\\\/fr\\\/\",\"logo\":{\"@type\":\"ImageObject\",\"inLanguage\":\"fr-FR\",\"@id\":\"https:\\\/\\\/www.wineobjectives.com\\\/fr\\\/#\\\/schema\\\/logo\\\/image\\\/\",\"url\":\"https:\\\/\\\/www.wineobjectives.com\\\/wp-content\\\/uploads\\\/2022\\\/08\\\/cropped-cropped-gimmick_WO.png\",\"contentUrl\":\"https:\\\/\\\/www.wineobjectives.com\\\/wp-content\\\/uploads\\\/2022\\\/08\\\/cropped-cropped-gimmick_WO.png\",\"width\":130,\"height\":99,\"caption\":\"Wine Objectives\"},\"image\":{\"@id\":\"https:\\\/\\\/www.wineobjectives.com\\\/fr\\\/#\\\/schema\\\/logo\\\/image\\\/\"}},{\"@type\":\"Person\",\"@id\":\"https:\\\/\\\/www.wineobjectives.com\\\/fr\\\/#\\\/schema\\\/person\\\/0f571c83d5f89c41c8287459a17e5a59\",\"name\":\"admin\",\"sameAs\":[\"https:\\\/\\\/www.wineobjectives.com\"]}]}<\/script>\n<!-- \/ Yoast SEO plugin. -->","yoast_head_json":{"title":"Vente du Ch\u00e2teau d\u2019Estoublon : entretien avec Adam Dakin","description":"Le Vigneron interviewe Adam Dakin sur les coulisses de la vente du Ch\u00e2teau d'Estoublon et l'expertise de Wine Objectives","robots":{"index":"noindex","follow":"follow"},"twitter_card":"summary_large_image","twitter_title":"Vente du Ch\u00e2teau d\u2019Estoublon : entretien avec Adam Dakin","twitter_description":"Le Vigneron interviewe Adam Dakin sur les coulisses de la vente du Ch\u00e2teau d'Estoublon et l'expertise de Wine Objectives","twitter_image":"https:\/\/www.wineobjectives.com\/wp-content\/uploads\/2020\/06\/juin-2020-couverture.jpg","twitter_misc":{"\u00c9crit par":"admin","Dur\u00e9e de lecture estim\u00e9e":"1 minute"},"schema":{"@context":"https:\/\/schema.org","@graph":[{"@type":"Article","@id":"https:\/\/www.wineobjectives.com\/fr\/revue-de-presses\/vigneron-n41-ete-2020\/#article","isPartOf":{"@id":"https:\/\/www.wineobjectives.com\/fr\/revue-de-presses\/vigneron-n41-ete-2020\/"},"author":{"name":"admin","@id":"https:\/\/www.wineobjectives.com\/fr\/#\/schema\/person\/0f571c83d5f89c41c8287459a17e5a59"},"headline":"L&rsquo;\u00e9quipe du Vigneron interroge Adam Dakin sur la vente r\u00e9cente du Ch\u00e2teau d&rsquo;Estoublon","datePublished":"2020-06-23T07:47:00+00:00","dateModified":"2026-03-20T13:55:55+00:00","mainEntityOfPage":{"@id":"https:\/\/www.wineobjectives.com\/fr\/revue-de-presses\/vigneron-n41-ete-2020\/"},"wordCount":17,"publisher":{"@id":"https:\/\/www.wineobjectives.com\/fr\/#organization"},"image":{"@id":"https:\/\/www.wineobjectives.com\/fr\/revue-de-presses\/vigneron-n41-ete-2020\/#primaryimage"},"thumbnailUrl":"https:\/\/www.wineobjectives.com\/wp-content\/uploads\/2020\/06\/juin-2020-couverture.jpg","articleSection":["Revue de presse"],"inLanguage":"fr-FR"},{"@type":"WebPage","@id":"https:\/\/www.wineobjectives.com\/fr\/revue-de-presses\/vigneron-n41-ete-2020\/","url":"https:\/\/www.wineobjectives.com\/fr\/revue-de-presses\/vigneron-n41-ete-2020\/","name":"Vente du Ch\u00e2teau d\u2019Estoublon : entretien avec Adam Dakin","isPartOf":{"@id":"https:\/\/www.wineobjectives.com\/fr\/#website"},"primaryImageOfPage":{"@id":"https:\/\/www.wineobjectives.com\/fr\/revue-de-presses\/vigneron-n41-ete-2020\/#primaryimage"},"image":{"@id":"https:\/\/www.wineobjectives.com\/fr\/revue-de-presses\/vigneron-n41-ete-2020\/#primaryimage"},"thumbnailUrl":"https:\/\/www.wineobjectives.com\/wp-content\/uploads\/2020\/06\/juin-2020-couverture.jpg","datePublished":"2020-06-23T07:47:00+00:00","dateModified":"2026-03-20T13:55:55+00:00","description":"Le Vigneron interviewe Adam Dakin sur les coulisses de la vente du Ch\u00e2teau d'Estoublon et l'expertise de Wine Objectives","breadcrumb":{"@id":"https:\/\/www.wineobjectives.com\/fr\/revue-de-presses\/vigneron-n41-ete-2020\/#breadcrumb"},"inLanguage":"fr-FR","potentialAction":[{"@type":"ReadAction","target":["https:\/\/www.wineobjectives.com\/fr\/revue-de-presses\/vigneron-n41-ete-2020\/"]}]},{"@type":"ImageObject","inLanguage":"fr-FR","@id":"https:\/\/www.wineobjectives.com\/fr\/revue-de-presses\/vigneron-n41-ete-2020\/#primaryimage","url":"https:\/\/www.wineobjectives.com\/wp-content\/uploads\/2020\/06\/juin-2020-couverture.jpg","contentUrl":"https:\/\/www.wineobjectives.com\/wp-content\/uploads\/2020\/06\/juin-2020-couverture.jpg","width":1358,"height":1772,"caption":"\u00e9quipe Vigneron vente Ch\u00e2teau d\u2019Estoublon"},{"@type":"BreadcrumbList","@id":"https:\/\/www.wineobjectives.com\/fr\/revue-de-presses\/vigneron-n41-ete-2020\/#breadcrumb","itemListElement":[{"@type":"ListItem","position":1,"name":"Accueil","item":"https:\/\/www.wineobjectives.com\/fr\/"},{"@type":"ListItem","position":2,"name":"L&rsquo;\u00e9quipe du Vigneron interroge Adam Dakin sur la vente r\u00e9cente du Ch\u00e2teau d&rsquo;Estoublon"}]},{"@type":"WebSite","@id":"https:\/\/www.wineobjectives.com\/fr\/#website","url":"https:\/\/www.wineobjectives.com\/fr\/","name":"Wine Objectives","description":"Wine Objectives","publisher":{"@id":"https:\/\/www.wineobjectives.com\/fr\/#organization"},"potentialAction":[{"@type":"SearchAction","target":{"@type":"EntryPoint","urlTemplate":"https:\/\/www.wineobjectives.com\/fr\/?s={search_term_string}"},"query-input":{"@type":"PropertyValueSpecification","valueRequired":true,"valueName":"search_term_string"}}],"inLanguage":"fr-FR"},{"@type":"Organization","@id":"https:\/\/www.wineobjectives.com\/fr\/#organization","name":"Wine Objectives","url":"https:\/\/www.wineobjectives.com\/fr\/","logo":{"@type":"ImageObject","inLanguage":"fr-FR","@id":"https:\/\/www.wineobjectives.com\/fr\/#\/schema\/logo\/image\/","url":"https:\/\/www.wineobjectives.com\/wp-content\/uploads\/2022\/08\/cropped-cropped-gimmick_WO.png","contentUrl":"https:\/\/www.wineobjectives.com\/wp-content\/uploads\/2022\/08\/cropped-cropped-gimmick_WO.png","width":130,"height":99,"caption":"Wine Objectives"},"image":{"@id":"https:\/\/www.wineobjectives.com\/fr\/#\/schema\/logo\/image\/"}},{"@type":"Person","@id":"https:\/\/www.wineobjectives.com\/fr\/#\/schema\/person\/0f571c83d5f89c41c8287459a17e5a59","name":"admin","sameAs":["https:\/\/www.wineobjectives.com"]}]}},"_links":{"self":[{"href":"https:\/\/www.wineobjectives.com\/fr\/wp-json\/wp\/v2\/posts\/1233","targetHints":{"allow":["GET"]}}],"collection":[{"href":"https:\/\/www.wineobjectives.com\/fr\/wp-json\/wp\/v2\/posts"}],"about":[{"href":"https:\/\/www.wineobjectives.com\/fr\/wp-json\/wp\/v2\/types\/post"}],"author":[{"embeddable":true,"href":"https:\/\/www.wineobjectives.com\/fr\/wp-json\/wp\/v2\/users\/1"}],"replies":[{"embeddable":true,"href":"https:\/\/www.wineobjectives.com\/fr\/wp-json\/wp\/v2\/comments?post=1233"}],"version-history":[{"count":3,"href":"https:\/\/www.wineobjectives.com\/fr\/wp-json\/wp\/v2\/posts\/1233\/revisions"}],"predecessor-version":[{"id":8724,"href":"https:\/\/www.wineobjectives.com\/fr\/wp-json\/wp\/v2\/posts\/1233\/revisions\/8724"}],"wp:featuredmedia":[{"embeddable":true,"href":"https:\/\/www.wineobjectives.com\/fr\/wp-json\/wp\/v2\/media\/1236"}],"wp:attachment":[{"href":"https:\/\/www.wineobjectives.com\/fr\/wp-json\/wp\/v2\/media?parent=1233"}],"wp:term":[{"taxonomy":"category","embeddable":true,"href":"https:\/\/www.wineobjectives.com\/fr\/wp-json\/wp\/v2\/categories?post=1233"},{"taxonomy":"post_tag","embeddable":true,"href":"https:\/\/www.wineobjectives.com\/fr\/wp-json\/wp\/v2\/tags?post=1233"}],"curies":[{"name":"wp","href":"https:\/\/api.w.org\/{rel}","templated":true}]}}