


{"id":1606,"date":"2017-12-11T11:57:00","date_gmt":"2017-12-11T11:57:00","guid":{"rendered":"https:\/\/www.wineobjectives.com\/?p=1606"},"modified":"2026-02-27T09:52:56","modified_gmt":"2026-02-27T09:52:56","slug":"vigneron-n31-hiver-2017-2018","status":"publish","type":"post","link":"https:\/\/www.wineobjectives.com\/fr\/actualites\/vigneron-n31-hiver-2017-2018\/","title":{"rendered":"Vigneron N\u00b031 Hiver 2017-2018"},"content":{"rendered":"<p>Interview\u00e9 sur son intervention dans l\u2019acquisition du Domaine de Nalys par la Maison Guigal, Adam Dakin nous d\u00e9voile les tendances du march\u00e9 des transactions en 2017.<\/p>\n<p><img fetchpriority=\"high\" decoding=\"async\" class=\"alignnone wp-image-1861\" src=\"\/wp-content\/uploads\/2017\/12\/WO-avec-couv-2-785x1024.png\" alt=\"transactions confiance et confidentialit\u00e9\" width=\"834\" height=\"1088\"><img decoding=\"async\" class=\"alignnone wp-image-1862\" src=\"\/wp-content\/uploads\/2017\/12\/WO-avec-couv-3-785x1024.png\" alt=\"tendances march\u00e9 transactions 2017\" width=\"833\" height=\"1087\"><\/p>\n","protected":false},"excerpt":{"rendered":"<p>Interview\u00e9 sur son intervention dans l\u2019acquisition du Domaine de Nalys par la Maison Guigal, Adam Dakin nous d\u00e9voile les tendances du march\u00e9 des transactions en 2017.<\/p>\n","protected":false},"author":1,"featured_media":1585,"comment_status":"closed","ping_status":"closed","sticky":false,"template":"","format":"standard","meta":{"_acf_changed":false,"footnotes":""},"categories":[4],"tags":[],"class_list":["post-1606","post","type-post","status-publish","format-standard","has-post-thumbnail","hentry","category-actualites"],"acf":[],"yoast_head":"<!-- This site is optimized with the Yoast SEO plugin v27.3 - https:\/\/yoast.com\/product\/yoast-seo-wordpress\/ -->\n<title>Vigneron N\u00b031 Hiver 2017-2018 - Wine Objectives<\/title>\n<meta name=\"description\" content=\"Wine Objectives, expert en transactions viticoles, valorise confidentialit\u00e9 et expertise sur le march\u00e9 dynamique.\" \/>\n<meta name=\"robots\" content=\"noindex, nofollow\" \/>\n<meta name=\"twitter:card\" content=\"summary_large_image\" \/>\n<meta name=\"twitter:title\" content=\"Vigneron N\u00b031 Hiver 2017-2018 - Wine Objectives\" \/>\n<meta name=\"twitter:description\" content=\"Wine Objectives, expert en transactions viticoles, valorise confidentialit\u00e9 et expertise sur le march\u00e9 dynamique.\" \/>\n<meta name=\"twitter:image\" content=\"https:\/\/www.wineobjectives.com\/wp-content\/uploads\/2017\/12\/WO-avec-couv-1.png\" \/>\n<meta name=\"twitter:label1\" content=\"\u00c9crit par\" \/>\n\t<meta name=\"twitter:data1\" content=\"admin\" \/>\n\t<meta name=\"twitter:label2\" content=\"Dur\u00e9e de lecture estim\u00e9e\" \/>\n\t<meta name=\"twitter:data2\" content=\"1 minute\" \/>\n<script type=\"application\/ld+json\" class=\"yoast-schema-graph\">{\"@context\":\"https:\\\/\\\/schema.org\",\"@graph\":[{\"@type\":\"Article\",\"@id\":\"https:\\\/\\\/www.wineobjectives.com\\\/fr\\\/actualites\\\/vigneron-n31-hiver-2017-2018\\\/#article\",\"isPartOf\":{\"@id\":\"https:\\\/\\\/www.wineobjectives.com\\\/fr\\\/actualites\\\/vigneron-n31-hiver-2017-2018\\\/\"},\"author\":{\"name\":\"admin\",\"@id\":\"https:\\\/\\\/www.wineobjectives.com\\\/fr\\\/#\\\/schema\\\/person\\\/0f571c83d5f89c41c8287459a17e5a59\"},\"headline\":\"Vigneron N\u00b031 Hiver 2017-2018\",\"datePublished\":\"2017-12-11T11:57:00+00:00\",\"dateModified\":\"2026-02-27T09:52:56+00:00\",\"mainEntityOfPage\":{\"@id\":\"https:\\\/\\\/www.wineobjectives.com\\\/fr\\\/actualites\\\/vigneron-n31-hiver-2017-2018\\\/\"},\"wordCount\":31,\"publisher\":{\"@id\":\"https:\\\/\\\/www.wineobjectives.com\\\/fr\\\/#organization\"},\"image\":{\"@id\":\"https:\\\/\\\/www.wineobjectives.com\\\/fr\\\/actualites\\\/vigneron-n31-hiver-2017-2018\\\/#primaryimage\"},\"thumbnailUrl\":\"https:\\\/\\\/www.wineobjectives.com\\\/wp-content\\\/uploads\\\/2017\\\/12\\\/WO-avec-couv-1.png\",\"articleSection\":[\"Actualites\"],\"inLanguage\":\"fr-FR\"},{\"@type\":\"WebPage\",\"@id\":\"https:\\\/\\\/www.wineobjectives.com\\\/fr\\\/actualites\\\/vigneron-n31-hiver-2017-2018\\\/\",\"url\":\"https:\\\/\\\/www.wineobjectives.com\\\/fr\\\/actualites\\\/vigneron-n31-hiver-2017-2018\\\/\",\"name\":\"Vigneron N\u00b031 Hiver 2017-2018 - Wine Objectives\",\"isPartOf\":{\"@id\":\"https:\\\/\\\/www.wineobjectives.com\\\/fr\\\/#website\"},\"primaryImageOfPage\":{\"@id\":\"https:\\\/\\\/www.wineobjectives.com\\\/fr\\\/actualites\\\/vigneron-n31-hiver-2017-2018\\\/#primaryimage\"},\"image\":{\"@id\":\"https:\\\/\\\/www.wineobjectives.com\\\/fr\\\/actualites\\\/vigneron-n31-hiver-2017-2018\\\/#primaryimage\"},\"thumbnailUrl\":\"https:\\\/\\\/www.wineobjectives.com\\\/wp-content\\\/uploads\\\/2017\\\/12\\\/WO-avec-couv-1.png\",\"datePublished\":\"2017-12-11T11:57:00+00:00\",\"dateModified\":\"2026-02-27T09:52:56+00:00\",\"description\":\"Wine Objectives, expert en transactions viticoles, valorise confidentialit\u00e9 et expertise sur le march\u00e9 dynamique.\",\"breadcrumb\":{\"@id\":\"https:\\\/\\\/www.wineobjectives.com\\\/fr\\\/actualites\\\/vigneron-n31-hiver-2017-2018\\\/#breadcrumb\"},\"inLanguage\":\"fr-FR\",\"potentialAction\":[{\"@type\":\"ReadAction\",\"target\":[\"https:\\\/\\\/www.wineobjectives.com\\\/fr\\\/actualites\\\/vigneron-n31-hiver-2017-2018\\\/\"]}]},{\"@type\":\"ImageObject\",\"inLanguage\":\"fr-FR\",\"@id\":\"https:\\\/\\\/www.wineobjectives.com\\\/fr\\\/actualites\\\/vigneron-n31-hiver-2017-2018\\\/#primaryimage\",\"url\":\"https:\\\/\\\/www.wineobjectives.com\\\/wp-content\\\/uploads\\\/2017\\\/12\\\/WO-avec-couv-1.png\",\"contentUrl\":\"https:\\\/\\\/www.wineobjectives.com\\\/wp-content\\\/uploads\\\/2017\\\/12\\\/WO-avec-couv-1.png\",\"width\":1812,\"height\":2363,\"caption\":\"vigneron\"},{\"@type\":\"BreadcrumbList\",\"@id\":\"https:\\\/\\\/www.wineobjectives.com\\\/fr\\\/actualites\\\/vigneron-n31-hiver-2017-2018\\\/#breadcrumb\",\"itemListElement\":[{\"@type\":\"ListItem\",\"position\":1,\"name\":\"Accueil\",\"item\":\"https:\\\/\\\/www.wineobjectives.com\\\/fr\\\/\"},{\"@type\":\"ListItem\",\"position\":2,\"name\":\"Vigneron N\u00b031 Hiver 2017-2018\"}]},{\"@type\":\"WebSite\",\"@id\":\"https:\\\/\\\/www.wineobjectives.com\\\/fr\\\/#website\",\"url\":\"https:\\\/\\\/www.wineobjectives.com\\\/fr\\\/\",\"name\":\"Wine Objectives\",\"description\":\"Wine Objectives\",\"publisher\":{\"@id\":\"https:\\\/\\\/www.wineobjectives.com\\\/fr\\\/#organization\"},\"potentialAction\":[{\"@type\":\"SearchAction\",\"target\":{\"@type\":\"EntryPoint\",\"urlTemplate\":\"https:\\\/\\\/www.wineobjectives.com\\\/fr\\\/?s={search_term_string}\"},\"query-input\":{\"@type\":\"PropertyValueSpecification\",\"valueRequired\":true,\"valueName\":\"search_term_string\"}}],\"inLanguage\":\"fr-FR\"},{\"@type\":\"Organization\",\"@id\":\"https:\\\/\\\/www.wineobjectives.com\\\/fr\\\/#organization\",\"name\":\"Wine Objectives\",\"url\":\"https:\\\/\\\/www.wineobjectives.com\\\/fr\\\/\",\"logo\":{\"@type\":\"ImageObject\",\"inLanguage\":\"fr-FR\",\"@id\":\"https:\\\/\\\/www.wineobjectives.com\\\/fr\\\/#\\\/schema\\\/logo\\\/image\\\/\",\"url\":\"https:\\\/\\\/www.wineobjectives.com\\\/wp-content\\\/uploads\\\/2022\\\/08\\\/cropped-cropped-gimmick_WO.png\",\"contentUrl\":\"https:\\\/\\\/www.wineobjectives.com\\\/wp-content\\\/uploads\\\/2022\\\/08\\\/cropped-cropped-gimmick_WO.png\",\"width\":130,\"height\":99,\"caption\":\"Wine Objectives\"},\"image\":{\"@id\":\"https:\\\/\\\/www.wineobjectives.com\\\/fr\\\/#\\\/schema\\\/logo\\\/image\\\/\"}},{\"@type\":\"Person\",\"@id\":\"https:\\\/\\\/www.wineobjectives.com\\\/fr\\\/#\\\/schema\\\/person\\\/0f571c83d5f89c41c8287459a17e5a59\",\"name\":\"admin\",\"sameAs\":[\"https:\\\/\\\/www.wineobjectives.com\"]}]}<\/script>\n<!-- \/ Yoast SEO plugin. -->","yoast_head_json":{"title":"Vigneron N\u00b031 Hiver 2017-2018 - Wine Objectives","description":"Wine Objectives, expert en transactions viticoles, valorise confidentialit\u00e9 et expertise sur le march\u00e9 dynamique.","robots":{"index":"noindex","follow":"nofollow"},"twitter_card":"summary_large_image","twitter_title":"Vigneron N\u00b031 Hiver 2017-2018 - Wine Objectives","twitter_description":"Wine Objectives, expert en transactions viticoles, valorise confidentialit\u00e9 et expertise sur le march\u00e9 dynamique.","twitter_image":"https:\/\/www.wineobjectives.com\/wp-content\/uploads\/2017\/12\/WO-avec-couv-1.png","twitter_misc":{"\u00c9crit par":"admin","Dur\u00e9e de lecture estim\u00e9e":"1 minute"},"schema":{"@context":"https:\/\/schema.org","@graph":[{"@type":"Article","@id":"https:\/\/www.wineobjectives.com\/fr\/actualites\/vigneron-n31-hiver-2017-2018\/#article","isPartOf":{"@id":"https:\/\/www.wineobjectives.com\/fr\/actualites\/vigneron-n31-hiver-2017-2018\/"},"author":{"name":"admin","@id":"https:\/\/www.wineobjectives.com\/fr\/#\/schema\/person\/0f571c83d5f89c41c8287459a17e5a59"},"headline":"Vigneron N\u00b031 Hiver 2017-2018","datePublished":"2017-12-11T11:57:00+00:00","dateModified":"2026-02-27T09:52:56+00:00","mainEntityOfPage":{"@id":"https:\/\/www.wineobjectives.com\/fr\/actualites\/vigneron-n31-hiver-2017-2018\/"},"wordCount":31,"publisher":{"@id":"https:\/\/www.wineobjectives.com\/fr\/#organization"},"image":{"@id":"https:\/\/www.wineobjectives.com\/fr\/actualites\/vigneron-n31-hiver-2017-2018\/#primaryimage"},"thumbnailUrl":"https:\/\/www.wineobjectives.com\/wp-content\/uploads\/2017\/12\/WO-avec-couv-1.png","articleSection":["Actualites"],"inLanguage":"fr-FR"},{"@type":"WebPage","@id":"https:\/\/www.wineobjectives.com\/fr\/actualites\/vigneron-n31-hiver-2017-2018\/","url":"https:\/\/www.wineobjectives.com\/fr\/actualites\/vigneron-n31-hiver-2017-2018\/","name":"Vigneron N\u00b031 Hiver 2017-2018 - Wine Objectives","isPartOf":{"@id":"https:\/\/www.wineobjectives.com\/fr\/#website"},"primaryImageOfPage":{"@id":"https:\/\/www.wineobjectives.com\/fr\/actualites\/vigneron-n31-hiver-2017-2018\/#primaryimage"},"image":{"@id":"https:\/\/www.wineobjectives.com\/fr\/actualites\/vigneron-n31-hiver-2017-2018\/#primaryimage"},"thumbnailUrl":"https:\/\/www.wineobjectives.com\/wp-content\/uploads\/2017\/12\/WO-avec-couv-1.png","datePublished":"2017-12-11T11:57:00+00:00","dateModified":"2026-02-27T09:52:56+00:00","description":"Wine Objectives, expert en transactions viticoles, valorise confidentialit\u00e9 et expertise sur le march\u00e9 dynamique.","breadcrumb":{"@id":"https:\/\/www.wineobjectives.com\/fr\/actualites\/vigneron-n31-hiver-2017-2018\/#breadcrumb"},"inLanguage":"fr-FR","potentialAction":[{"@type":"ReadAction","target":["https:\/\/www.wineobjectives.com\/fr\/actualites\/vigneron-n31-hiver-2017-2018\/"]}]},{"@type":"ImageObject","inLanguage":"fr-FR","@id":"https:\/\/www.wineobjectives.com\/fr\/actualites\/vigneron-n31-hiver-2017-2018\/#primaryimage","url":"https:\/\/www.wineobjectives.com\/wp-content\/uploads\/2017\/12\/WO-avec-couv-1.png","contentUrl":"https:\/\/www.wineobjectives.com\/wp-content\/uploads\/2017\/12\/WO-avec-couv-1.png","width":1812,"height":2363,"caption":"vigneron"},{"@type":"BreadcrumbList","@id":"https:\/\/www.wineobjectives.com\/fr\/actualites\/vigneron-n31-hiver-2017-2018\/#breadcrumb","itemListElement":[{"@type":"ListItem","position":1,"name":"Accueil","item":"https:\/\/www.wineobjectives.com\/fr\/"},{"@type":"ListItem","position":2,"name":"Vigneron N\u00b031 Hiver 2017-2018"}]},{"@type":"WebSite","@id":"https:\/\/www.wineobjectives.com\/fr\/#website","url":"https:\/\/www.wineobjectives.com\/fr\/","name":"Wine Objectives","description":"Wine Objectives","publisher":{"@id":"https:\/\/www.wineobjectives.com\/fr\/#organization"},"potentialAction":[{"@type":"SearchAction","target":{"@type":"EntryPoint","urlTemplate":"https:\/\/www.wineobjectives.com\/fr\/?s={search_term_string}"},"query-input":{"@type":"PropertyValueSpecification","valueRequired":true,"valueName":"search_term_string"}}],"inLanguage":"fr-FR"},{"@type":"Organization","@id":"https:\/\/www.wineobjectives.com\/fr\/#organization","name":"Wine Objectives","url":"https:\/\/www.wineobjectives.com\/fr\/","logo":{"@type":"ImageObject","inLanguage":"fr-FR","@id":"https:\/\/www.wineobjectives.com\/fr\/#\/schema\/logo\/image\/","url":"https:\/\/www.wineobjectives.com\/wp-content\/uploads\/2022\/08\/cropped-cropped-gimmick_WO.png","contentUrl":"https:\/\/www.wineobjectives.com\/wp-content\/uploads\/2022\/08\/cropped-cropped-gimmick_WO.png","width":130,"height":99,"caption":"Wine Objectives"},"image":{"@id":"https:\/\/www.wineobjectives.com\/fr\/#\/schema\/logo\/image\/"}},{"@type":"Person","@id":"https:\/\/www.wineobjectives.com\/fr\/#\/schema\/person\/0f571c83d5f89c41c8287459a17e5a59","name":"admin","sameAs":["https:\/\/www.wineobjectives.com"]}]}},"_links":{"self":[{"href":"https:\/\/www.wineobjectives.com\/fr\/wp-json\/wp\/v2\/posts\/1606","targetHints":{"allow":["GET"]}}],"collection":[{"href":"https:\/\/www.wineobjectives.com\/fr\/wp-json\/wp\/v2\/posts"}],"about":[{"href":"https:\/\/www.wineobjectives.com\/fr\/wp-json\/wp\/v2\/types\/post"}],"author":[{"embeddable":true,"href":"https:\/\/www.wineobjectives.com\/fr\/wp-json\/wp\/v2\/users\/1"}],"replies":[{"embeddable":true,"href":"https:\/\/www.wineobjectives.com\/fr\/wp-json\/wp\/v2\/comments?post=1606"}],"version-history":[{"count":1,"href":"https:\/\/www.wineobjectives.com\/fr\/wp-json\/wp\/v2\/posts\/1606\/revisions"}],"predecessor-version":[{"id":8739,"href":"https:\/\/www.wineobjectives.com\/fr\/wp-json\/wp\/v2\/posts\/1606\/revisions\/8739"}],"wp:featuredmedia":[{"embeddable":true,"href":"https:\/\/www.wineobjectives.com\/fr\/wp-json\/wp\/v2\/media\/1585"}],"wp:attachment":[{"href":"https:\/\/www.wineobjectives.com\/fr\/wp-json\/wp\/v2\/media?parent=1606"}],"wp:term":[{"taxonomy":"category","embeddable":true,"href":"https:\/\/www.wineobjectives.com\/fr\/wp-json\/wp\/v2\/categories?post=1606"},{"taxonomy":"post_tag","embeddable":true,"href":"https:\/\/www.wineobjectives.com\/fr\/wp-json\/wp\/v2\/tags?post=1606"}],"curies":[{"name":"wp","href":"https:\/\/api.w.org\/{rel}","templated":true}]}}